{"id":1041,"date":"2020-04-07T12:07:37","date_gmt":"2020-04-07T12:07:37","guid":{"rendered":"https:\/\/saarlandfrauen.de\/?p=1041"},"modified":"2026-01-10T10:12:34","modified_gmt":"2026-01-10T09:12:34","slug":"kv_st-wendel_vorstellung","status":"publish","type":"post","link":"https:\/\/saarlandfrauen.de\/?p=1041","title":{"rendered":"KV_St. Wendel_Vorstellung"},"content":{"rendered":"<h5><span style=\"font-size: 14pt;\"><strong>Der Kreisverband St. Wendel<\/strong><\/span><\/h5>\n<p><span style=\"font-size: 14pt;\">Der Kreisverband St. Wendel hat ca. 800 Mitglieder in 9 Ortsvereinen und wurde 1971 gegr\u00fcndet. 2021 feiern wir unser 50-J\u00e4hriges Jubil\u00e4um. Wir setzen uns f\u00fcr einen lebenswerten l\u00e4ndlichen Raum ein und vertreten die Interessen aller Frauen auf dem Land. Dazu geh\u00f6rt das St\u00e4rken der Dorfgemeinschaft ebenso wie der nachhaltige Umgang mit Lebensmitteln oder gesunde Ern\u00e4hrung. Unsere Themen sind vielf\u00e4ltig.<\/span><\/p>\n<h5><span style=\"font-size: 14pt;\">Das macht uns aus:<\/span><\/h5>\n<p><span style=\"font-size: 14pt;\">Gemeinschaft erleben<\/span><\/p>\n<p><span style=\"font-size: 14pt;\">Machen statt meckern!<\/span><\/p>\n<p><span style=\"font-size: 14pt;\">Neues kennenlernen<\/span><\/p>\n<p><span style=\"font-size: 14pt;\">Mitreden wollen<\/span><\/p>\n<p><span style=\"font-size: 14pt;\">Jede ist Willkommen<\/span><\/p>\n<h5><span style=\"font-size: 14pt;\">Unser Angebot<\/span><\/h5>\n<p><span style=\"font-size: 14pt;\">Themenabende und Vortr\u00e4ge z.B. Kochabende, Basteln und DIY, Gesundheitstipps, Wellness, Kreatives und vieles mehr. Jeder Ortsverein w\u00e4hlt seine Themen selbst. Die Mitglieder k\u00f6nnen auch an den Veranstaltungen anderer Ortsvereine teilnehmen.<\/span><\/p>\n<h5><span style=\"font-size: 14pt;\">Der Kreisvorstand<\/span><\/h5>\n<p><img loading=\"lazy\" decoding=\"async\" class=\"alignnone size-medium wp-image-5378\" src=\"https:\/\/saarlandfrauen.de\/wp-content\/uploads\/2025\/05\/IMG_0347-300x209.jpg\" alt=\"\" width=\"300\" height=\"209\" \/><\/p>\n<table>\n<tbody>\n<tr>\n<td><span style=\"font-size: 14pt;\">Kreisvorsitzende Melanie Laub<\/span><\/td>\n<td><span style=\"font-size: 14pt;\">Stellvertreterin Tanja Scherer<\/span><\/td>\n<\/tr>\n<tr>\n<td><span style=\"font-size: 14pt;\">Kassiererin Nina Zimmer<\/span><\/td>\n<td><span style=\"font-size: 14pt;\">Schriftf\u00fchrerin Jana Hartmann<\/span><\/td>\n<\/tr>\n<tr>\n<td><span style=\"font-size: 14pt;\">Beisitzerin Sabine Biehl<\/span><\/td>\n<td><span style=\"font-size: 14pt;\">Beisitzerin Sabine R\u00f6hrig<\/span><\/td>\n<\/tr>\n<tr>\n<td><span style=\"font-size: 14pt;\">Beisitzerin Sabine Crummenauer<\/span><\/td>\n<td><\/td>\n<\/tr>\n<\/tbody>\n<\/table>\n<p><span style=\"font-size: 14pt;\">Aufgabe des Kreisvorstandes ist der Kontakt mit und unter den einzelnen Ortsvereinen, Gemeinschaftsveranstaltungen wie die Kreiswanderung und die Kreisfahrt, Kontakte zu anderen Landfrauenkreisen deutschlandweit zu pflegen, Engagement im Landesverband und Bundesverband, Zusammenarbeit mit der Frauenbeauftragten des Landkreises und die Mitarbeit im KuLaNI Projekt des Landkreises.<\/span><\/p>\n<p>&nbsp;<\/p>\n<h5><span style=\"font-size: 14pt;\">Unsere Ortsvereine mit Ansprechpartnerinnen<\/span><\/h5>\n<table style=\"width: 94.2654%; height: 382px;\">\n<tbody>\n<tr style=\"height: 23px;\">\n<td style=\"height: 23px;\"><\/td>\n<td style=\"height: 23px;\"><\/td>\n<td style=\"height: 23px;\"><\/td>\n<td style=\"height: 23px;\"><\/td>\n<\/tr>\n<tr style=\"height: 25px;\">\n<td style=\"height: 25px;\"><span style=\"font-size: 14pt;\">Bostalsee<\/span><\/td>\n<td style=\"height: 25px;\"><span style=\"font-size: 14pt;\">Doris Backes<\/span><\/td>\n<td style=\"height: 25px;\"><\/td>\n<td style=\"height: 25px;\"><span style=\"font-size: 14pt;\">bostalsee@saarlandfrauen.de<\/span><\/td>\n<\/tr>\n<tr style=\"height: 25px;\">\n<td style=\"height: 25px;\"><span style=\"font-size: 14pt;\">Dollberg<\/span><\/td>\n<td style=\"height: 25px;\"><span style=\"font-size: 14pt;\">Jana Hartmann<\/span><\/td>\n<td style=\"height: 25px;\"><span style=\"font-size: 14pt;\">06873\/9926111<\/span><\/td>\n<td style=\"height: 25px;\"><span style=\"font-size: 14pt;\">dollberg@saarlandfrauen.de<\/span><\/td>\n<\/tr>\n<tr style=\"height: 25px;\">\n<td style=\"height: 25px;\"><span style=\"font-size: 14pt;\">Furschweiler<\/span><\/td>\n<td style=\"height: 25px;\"><span style=\"font-size: 14pt;\">Margarethe Queens<\/span><\/td>\n<td style=\"height: 25px;\"><span style=\"font-size: 14pt;\">06855\/255<\/span><\/td>\n<td style=\"height: 25px;\"><span style=\"font-size: 14pt;\">furschweiler@saarlandfrauen.de<\/span><\/td>\n<\/tr>\n<tr style=\"height: 159px;\">\n<td style=\"height: 159px;\"><span style=\"font-size: 14pt;\">Mittleres Ostertal<\/span><\/p>\n<p><span style=\"font-size: 14pt;\">(Pr\u00e4sidium)<\/span><\/td>\n<td style=\"height: 159px;\"><span style=\"font-size: 14pt;\">Annetraud Kling<\/span><\/p>\n<p><span style=\"font-size: 14pt;\">Edda Euler<\/span><\/p>\n<p><span style=\"font-size: 14pt;\">Ingrid M\u00fcller<\/span><\/td>\n<td style=\"height: 159px;\"><span style=\"font-size: 14pt;\">06856\/1275<\/span><\/p>\n<p><span style=\"font-size: 14pt;\">06855\/7159<\/span><\/p>\n<p><span style=\"font-size: 14pt;\">06856\/616<\/span><\/td>\n<td style=\"height: 159px;\"><span style=\"font-size: 14pt;\">\u00a0<\/span><\/p>\n<p><span style=\"font-size: 14pt;\">ostertal@saarlandfrauen.de<\/span><\/p>\n<p><span style=\"font-size: 14pt;\">\u00a0<\/span><\/td>\n<\/tr>\n<tr style=\"height: 25px;\">\n<td style=\"height: 25px;\"><span style=\"font-size: 14pt;\">Mosberg\/ Walhausen<\/span><\/td>\n<td style=\"height: 25px;\"><span style=\"font-size: 14pt;\">Nathalie Heidenreich<\/span><\/td>\n<td style=\"height: 25px;\"><\/td>\n<td style=\"height: 25px;\"><span style=\"font-size: 14pt;\">walhausen@saarlandfrauen.de<\/span><\/td>\n<\/tr>\n<tr style=\"height: 25px;\">\n<td style=\"height: 25px;\"><a href=\"https:\/\/saarlandfrauen.de\/?page_id=805\"><span style=\"font-size: 14pt;\">Schaumberg<\/span><\/a><\/td>\n<td style=\"height: 25px;\"><span style=\"font-size: 14pt;\">Karola Linnenbach<\/span><\/td>\n<td style=\"height: 25px;\"><span style=\"font-size: 14pt;\">06853\/8043<\/span><\/td>\n<td style=\"height: 25px;\"><span style=\"font-size: 14pt;\">schaumberg@saarlandfrauen.de<\/span><\/td>\n<\/tr>\n<tr style=\"height: 25px;\">\n<td style=\"height: 25px;\"><a href=\"https:\/\/saarlandfrauen.de\/?page_id=3341\"><span style=\"font-size: 14pt;\">Mithras Schwarzerden<\/span><\/a><\/td>\n<td style=\"height: 25px;\"><span style=\"font-size: 14pt;\">Rita Wagner<\/span><\/td>\n<td style=\"height: 25px;\"><span style=\"font-size: 14pt;\">06855\/6824<\/span><\/td>\n<td style=\"height: 25px;\"><span style=\"font-size: 14pt;\">schwarzerden@saarlandfrauen.de<\/span><\/td>\n<\/tr>\n<tr style=\"height: 25px;\">\n<td style=\"height: 25px;\"><a href=\"https:\/\/saarlandfrauen.de\/?page_id=822\"><span style=\"font-size: 14pt;\">St. Wendel<\/span><\/a><\/td>\n<td style=\"height: 25px;\"><span style=\"font-size: 14pt;\">Marianne Broy<\/span><\/td>\n<td style=\"height: 25px;\"><span style=\"font-size: 14pt;\">06827\/302790<\/span><\/td>\n<td style=\"height: 25px;\"><span style=\"font-size: 14pt;\">stwendel@saarlandfrauen.de<\/span><\/td>\n<\/tr>\n<tr style=\"height: 25px;\">\n<td style=\"height: 25px;\"><span style=\"font-size: 14pt;\">Wolfersweiler<\/span><\/td>\n<td style=\"height: 25px;\"><span style=\"font-size: 14pt;\">Monika Pees<\/span><\/td>\n<td style=\"height: 25px;\"><span style=\"font-size: 14pt;\">06852\/81345<\/span><\/td>\n<td style=\"height: 25px;\"><span style=\"font-size: 14pt;\">wolfersweiler@saarlandfrauen.de<\/span><\/td>\n<\/tr>\n<\/tbody>\n<\/table>\n<p>&nbsp;<\/p>\n<p><span style=\"font-size: 14pt;\"><strong>Folgt uns auf Facebook und Instagram!<\/strong><\/span><\/p>\n<p><span style=\"font-size: 14pt;\"><a href=\"https:\/\/m.facebook.com\/Kreislandfrauenwndde-349615595466000\/\" target=\"_blank\" rel=\"noopener noreferrer\">Facebook<\/a><\/span><\/p>\n<p><span style=\"font-size: 14pt;\"><a href=\"https:\/\/instagram.com\/kreislandfrauen_st.wendel?igshid=NGVhN2U2NjQ0Yg==\">Instagram<\/a><\/span><\/p>\n<h5><span style=\"font-size: 14pt;\"><img loading=\"lazy\" decoding=\"async\" class=\"alignnone wp-image-2112\" src=\"https:\/\/saarlandfrauen.de\/wp-content\/uploads\/2020\/09\/Flyer_1.jpg\" alt=\"\" width=\"480\" height=\"241\" \/> <img loading=\"lazy\" decoding=\"async\" class=\"alignnone wp-image-2115\" src=\"https:\/\/saarlandfrauen.de\/wp-content\/uploads\/2020\/09\/Flyer_4.jpg\" alt=\"\" width=\"480\" height=\"240\" \/><br \/>\n<\/span><span style=\"font-size: 14pt;\"><img loading=\"lazy\" decoding=\"async\" class=\"alignnone wp-image-2114\" src=\"https:\/\/saarlandfrauen.de\/wp-content\/uploads\/2020\/09\/Flyer_3.jpg\" alt=\"\" width=\"480\" height=\"231\" \/> <img loading=\"lazy\" decoding=\"async\" class=\"alignnone wp-image-2113\" src=\"https:\/\/saarlandfrauen.de\/wp-content\/uploads\/2020\/09\/Flyer_2.jpg\" alt=\"\" width=\"480\" height=\"232\" \/><\/span><\/h5>\n","protected":false},"excerpt":{"rendered":"<p>Der Kreisverband St. Wendel Der Kreisverband St. Wendel hat ca. 800 Mitglieder in 9 Ortsvereinen und wurde 1971 gegr\u00fcndet. 2021 feiern wir unser 50-J\u00e4hriges Jubil\u00e4um. Wir setzen uns f\u00fcr einen lebenswerten l\u00e4ndlichen Raum ein und vertreten die Interessen aller Frauen auf dem Land. Dazu geh\u00f6rt das St\u00e4rken der Dorfgemeinschaft ebenso wie der nachhaltige Umgang mit [&hellip;]<\/p>\n","protected":false},"author":10,"featured_media":0,"comment_status":"closed","ping_status":"closed","sticky":false,"template":"","format":"standard","meta":{"_et_pb_use_builder":"","_et_pb_old_content":"","_et_gb_content_width":"","footnotes":""},"categories":[240],"tags":[],"class_list":["post-1041","post","type-post","status-publish","format-standard","hentry","category-kv_st-wendel_vorstellung"],"_links":{"self":[{"href":"https:\/\/saarlandfrauen.de\/index.php?rest_route=\/wp\/v2\/posts\/1041","targetHints":{"allow":["GET"]}}],"collection":[{"href":"https:\/\/saarlandfrauen.de\/index.php?rest_route=\/wp\/v2\/posts"}],"about":[{"href":"https:\/\/saarlandfrauen.de\/index.php?rest_route=\/wp\/v2\/types\/post"}],"author":[{"embeddable":true,"href":"https:\/\/saarlandfrauen.de\/index.php?rest_route=\/wp\/v2\/users\/10"}],"replies":[{"embeddable":true,"href":"https:\/\/saarlandfrauen.de\/index.php?rest_route=%2Fwp%2Fv2%2Fcomments&post=1041"}],"version-history":[{"count":14,"href":"https:\/\/saarlandfrauen.de\/index.php?rest_route=\/wp\/v2\/posts\/1041\/revisions"}],"predecessor-version":[{"id":5680,"href":"https:\/\/saarlandfrauen.de\/index.php?rest_route=\/wp\/v2\/posts\/1041\/revisions\/5680"}],"wp:attachment":[{"href":"https:\/\/saarlandfrauen.de\/index.php?rest_route=%2Fwp%2Fv2%2Fmedia&parent=1041"}],"wp:term":[{"taxonomy":"category","embeddable":true,"href":"https:\/\/saarlandfrauen.de\/index.php?rest_route=%2Fwp%2Fv2%2Fcategories&post=1041"},{"taxonomy":"post_tag","embeddable":true,"href":"https:\/\/saarlandfrauen.de\/index.php?rest_route=%2Fwp%2Fv2%2Ftags&post=1041"}],"curies":[{"name":"wp","href":"https:\/\/api.w.org\/{rel}","templated":true}]}}