{"id":5275,"date":"2025-03-03T13:58:46","date_gmt":"2025-03-03T12:58:46","guid":{"rendered":"https:\/\/saarlandfrauen.de\/?p=5275"},"modified":"2025-03-03T13:58:46","modified_gmt":"2025-03-03T12:58:46","slug":"ov_hochwald_termine","status":"publish","type":"post","link":"https:\/\/saarlandfrauen.de\/?p=5275","title":{"rendered":"OV_Hochwald_Termine"},"content":{"rendered":"<p style=\"text-align: center;\"><span style=\"font-size: 14pt; font-family: verdana, geneva, sans-serif;\">Liebe LandFrauen,<\/span><\/p>\n<p style=\"text-align: center;\"><span style=\"font-size: 14pt; font-family: verdana, geneva, sans-serif;\">der Vorstand des Landesverbandes der SaarLandFrauen e. V. hat sich erneut entschlossen, seinen Mitgliedern zu empfehlen, alle Bildungsveranstaltungen und Versammlungen in den Ortsvereinen bis vorerst 31. Juli 2021 auszusetzen, um der Verbreitung des Corona-Virus auch weiterhin wirksam entgegenzuwirken.<\/span><\/p>\n<p style=\"text-align: center;\"><span style=\"font-size: 14pt; font-family: verdana, geneva, sans-serif;\">Wir hoffen sehr, dass mit Beginn des neuen Bildungsjahres wieder Pr\u00e4senzveranstaltungen m\u00f6glich sein werden und w\u00fcnschen Ihnen und Ihren Familien weiterhin gute Gesundheit!<\/span><\/p>\n<p style=\"text-align: center;\"><span style=\"font-size: 14pt; font-family: verdana, geneva, sans-serif;\"><strong>Landesverband SaarLandFrauen e.V.<\/strong><\/span><\/p>\n<p style=\"text-align: center;\"><img loading=\"lazy\" decoding=\"async\" class=\"alignnone wp-image-1938 size-medium\" src=\"https:\/\/saarlandfrauen.de\/wp-content\/uploads\/2020\/07\/Logo_Saarlandfrauen_Bildungseinrichtung-300x130.jpg\" alt=\"\" width=\"300\" height=\"130\" \/><\/p>\n","protected":false},"excerpt":{"rendered":"<p>Liebe LandFrauen, der Vorstand des Landesverbandes der SaarLandFrauen e. V. hat sich erneut entschlossen, seinen Mitgliedern zu empfehlen, alle Bildungsveranstaltungen und Versammlungen in den Ortsvereinen bis vorerst 31. Juli 2021 auszusetzen, um der Verbreitung des Corona-Virus auch weiterhin wirksam entgegenzuwirken. Wir hoffen sehr, dass mit Beginn des neuen Bildungsjahres wieder Pr\u00e4senzveranstaltungen m\u00f6glich sein werden und [&hellip;]<\/p>\n","protected":false},"author":1,"featured_media":0,"comment_status":"closed","ping_status":"closed","sticky":false,"template":"","format":"standard","meta":{"_et_pb_use_builder":"","_et_pb_old_content":"","_et_gb_content_width":"","footnotes":""},"categories":[285],"tags":[],"class_list":["post-5275","post","type-post","status-publish","format-standard","hentry","category-ov_hochwald_termine"],"_links":{"self":[{"href":"https:\/\/saarlandfrauen.de\/index.php?rest_route=\/wp\/v2\/posts\/5275","targetHints":{"allow":["GET"]}}],"collection":[{"href":"https:\/\/saarlandfrauen.de\/index.php?rest_route=\/wp\/v2\/posts"}],"about":[{"href":"https:\/\/saarlandfrauen.de\/index.php?rest_route=\/wp\/v2\/types\/post"}],"author":[{"embeddable":true,"href":"https:\/\/saarlandfrauen.de\/index.php?rest_route=\/wp\/v2\/users\/1"}],"replies":[{"embeddable":true,"href":"https:\/\/saarlandfrauen.de\/index.php?rest_route=%2Fwp%2Fv2%2Fcomments&post=5275"}],"version-history":[{"count":1,"href":"https:\/\/saarlandfrauen.de\/index.php?rest_route=\/wp\/v2\/posts\/5275\/revisions"}],"predecessor-version":[{"id":5276,"href":"https:\/\/saarlandfrauen.de\/index.php?rest_route=\/wp\/v2\/posts\/5275\/revisions\/5276"}],"wp:attachment":[{"href":"https:\/\/saarlandfrauen.de\/index.php?rest_route=%2Fwp%2Fv2%2Fmedia&parent=5275"}],"wp:term":[{"taxonomy":"category","embeddable":true,"href":"https:\/\/saarlandfrauen.de\/index.php?rest_route=%2Fwp%2Fv2%2Fcategories&post=5275"},{"taxonomy":"post_tag","embeddable":true,"href":"https:\/\/saarlandfrauen.de\/index.php?rest_route=%2Fwp%2Fv2%2Ftags&post=5275"}],"curies":[{"name":"wp","href":"https:\/\/api.w.org\/{rel}","templated":true}]}}