{"id":881,"date":"2020-04-07T08:58:00","date_gmt":"2020-04-07T08:58:00","guid":{"rendered":"https:\/\/saarlandfrauen.de\/?p=881"},"modified":"2026-03-16T13:48:26","modified_gmt":"2026-03-16T12:48:26","slug":"beispiel-fur-aktuelle-eintrage-11","status":"publish","type":"post","link":"https:\/\/saarlandfrauen.de\/?p=881","title":{"rendered":"Aktuelle Vereins-Auskunft"},"content":{"rendered":"<p>&nbsp;<\/p>\n<p>&nbsp;<\/p>\n<h1><img loading=\"lazy\" decoding=\"async\" class=\"size-medium wp-image-3576 aligncenter\" src=\"https:\/\/saarlandfrauen.de\/wp-content\/uploads\/2020\/04\/Logo_Saarlandfrauen-2-300x100.jpg\" alt=\"\" width=\"300\" height=\"100\" \/><\/h1>\n<hr \/>\n<div dir=\"auto\"><span style=\"font-size: 14pt\"><strong>Veranstaltung K\u00e4se, Wein und Literatur ein gro\u00dfer Erfolg<\/strong><\/span><\/div>\n<div dir=\"auto\"><\/div>\n<div dir=\"auto\"><strong>Die Landfrauen Hirzweiler durften in der Dorfwaldhalle einen ganz besonderen Abend erleben. Unter dem Motto \u201eK\u00e4se, Wein und Literatur\u201c kamen viele G\u00e4ste zusammen, um gemeinsam zu genie\u00dfen, zu lachen und spannenden Geschichten zu lauschen.<\/strong><\/div>\n<div dir=\"auto\"><strong>Der fr\u00fchere saarl\u00e4ndische Umweltminister Stefan M\u00f6rsdorf nahm die Besucher mit auf eine sehr pers\u00f6nliche Reise entlang des Jakobsweg. Mit viel Herz, Humor und bewegenden Anekdoten berichtete er von seinen Erfahrungen als Pilger und las aus seinen B\u00fcchern. Besonders beeindruckend: Seit vielen Jahren wandert er \u2013 nach einer schweren Erkrankung \u2013 immer wieder Teilst\u00fccke des Weges durch Frankreich in Richtung Spanien.<\/strong><\/div>\n<div dir=\"auto\"><strong>Es war ein Abend voller Genuss, Inspiration und echter Begegnungen. Die Mischung aus Literatur, pers\u00f6nlichen Geschichten und gem\u00fctlichem Beisammensein machte diese Veranstaltung zu etwas ganz Besonderem. Vielen Dank an alle G\u00e4ste, die diesen Abend mit uns geteilt haben. \u2764\ufe0f<\/strong><\/div>\n<div dir=\"auto\"><strong>#Landfrauen #LandfrauenHirzweiler #Gemeinschaft #Ehrenamt #K\u00e4seWeinLiteratur #Jakobsweg #Inspiration #Lesung #Dorfleben #Saarland\u00a0<\/strong><\/div>\n<div dir=\"auto\"><\/div>\n<div dir=\"auto\"><\/div>\n<div dir=\"auto\"><img loading=\"lazy\" decoding=\"async\" class=\"alignnone size-medium wp-image-5784\" src=\"https:\/\/saarlandfrauen.de\/wp-content\/uploads\/2020\/04\/IMG-20260315-WA0002-300x139.jpg\" alt=\"\" width=\"300\" height=\"139\" \/> <img loading=\"lazy\" decoding=\"async\" class=\"alignnone size-medium wp-image-5785\" src=\"https:\/\/saarlandfrauen.de\/wp-content\/uploads\/2020\/04\/IMG-20260315-WA0003-300x139.jpg\" alt=\"\" width=\"300\" height=\"139\" \/> <img loading=\"lazy\" decoding=\"async\" class=\"alignnone size-medium wp-image-5786\" src=\"https:\/\/saarlandfrauen.de\/wp-content\/uploads\/2020\/04\/IMG-20260315-WA0005-300x139.jpg\" alt=\"\" width=\"300\" height=\"139\" \/> <img loading=\"lazy\" decoding=\"async\" class=\"alignnone size-medium wp-image-5787\" src=\"https:\/\/saarlandfrauen.de\/wp-content\/uploads\/2020\/04\/IMG-20260315-WA0006-300x139.jpg\" alt=\"\" width=\"300\" height=\"139\" \/><\/div>\n<p>&nbsp;<\/p>\n<p>&nbsp;<\/p>\n<p>&nbsp;<\/p>\n<p>&nbsp;<\/p>\n<p>&nbsp;<\/p>\n<hr \/>\n<p>&nbsp;<\/p>\n<p>&nbsp;<\/p>\n<p><strong><span style=\"font-size: 18pt\">60 Jahre Landfrauen Hirzweiler und Umgebung<\/span><\/strong><\/p>\n<h3><span style=\"font-size: 12pt;font-family: arial, helvetica, sans-serif\"><strong>Im November 1963 wurde unser Landfrauenverein von 21 Frauen aus Hirzweiler und Welschbach gegr\u00fcndet. <\/strong><\/span><span style=\"font-size: 12pt;font-family: arial, helvetica, sans-serif\"><strong>Aus diesem Anlass wurde am 12.12.2023 in der Dorfwaldhalle Hirzweiler unser Jubil\u00e4um gefeiert. <\/strong><\/span><span style=\"font-size: 12pt;font-family: arial, helvetica, sans-serif\"><strong>\u00dcber vier Gr\u00fcndungsmitgliederinnen freut sich unsere Verein noch. Diese sind Erika Wedertz, Margareta Weber, <\/strong><\/span><span style=\"font-size: 12pt;font-family: arial, helvetica, sans-serif\"><strong>Margret Klein und Ilse Philipp. Erika und Ilse konnten bei uns sein und wurden mit einem Blumengru\u00df geehrt. <\/strong><\/span><span style=\"font-size: 12pt;font-family: arial, helvetica, sans-serif\"><strong>Bis in den sp\u00e4ten Abend wurde bei gutem Essen, gem\u00fctlichen Beisammensein und guten Gespr\u00e4chen das Jubil\u00e4um gefeiert.<\/strong><\/span><\/h3>\n<p><img loading=\"lazy\" decoding=\"async\" class=\"alignnone size-medium wp-image-4613\" src=\"https:\/\/saarlandfrauen.de\/wp-content\/uploads\/2020\/04\/20231212_110110-300x134.jpg\" alt=\"\" width=\"300\" height=\"134\" \/> <img loading=\"lazy\" decoding=\"async\" class=\"alignnone size-medium wp-image-4614\" src=\"https:\/\/saarlandfrauen.de\/wp-content\/uploads\/2020\/04\/20231212_185235-300x124.jpg\" alt=\"\" width=\"300\" height=\"124\" \/> <img loading=\"lazy\" decoding=\"async\" class=\"alignnone size-medium wp-image-4615\" src=\"https:\/\/saarlandfrauen.de\/wp-content\/uploads\/2020\/04\/20231212_185230-300x129.jpg\" alt=\"\" width=\"300\" height=\"129\" \/> <img loading=\"lazy\" decoding=\"async\" class=\"alignnone size-medium wp-image-4616\" src=\"https:\/\/saarlandfrauen.de\/wp-content\/uploads\/2020\/04\/20231212_185253-300x92.jpg\" alt=\"\" width=\"300\" height=\"92\" \/> <img loading=\"lazy\" decoding=\"async\" class=\"alignnone size-medium wp-image-4617\" src=\"https:\/\/saarlandfrauen.de\/wp-content\/uploads\/2020\/04\/20231212_185338-236x300.jpg\" alt=\"\" width=\"236\" height=\"300\" \/> <img loading=\"lazy\" decoding=\"async\" class=\"alignnone size-medium wp-image-4618\" src=\"https:\/\/saarlandfrauen.de\/wp-content\/uploads\/2020\/04\/20231212_204339-300x227.jpg\" alt=\"\" width=\"300\" height=\"227\" \/><\/p>\n<p>&nbsp;<\/p>\n<hr \/>\n<p>&nbsp;<\/p>\n<div dir=\"auto\"><strong><span style=\"font-size: 12pt\">Wir sind Frauen mit Erfahrung und wollen trotzdem von jungen Frauen lernen.<\/span><\/strong><\/div>\n<div dir=\"auto\"><strong><span style=\"font-size: 12pt\">Wir suchen nach neuen Ideen und Unterst\u00fctzung.<\/span><\/strong><\/div>\n<div dir=\"auto\"><strong><span style=\"font-size: 12pt\">Als Frau auf dem Land bist Du bei uns genau richtig.<\/span><\/strong><\/div>\n<div dir=\"auto\"><strong><span style=\"font-size: 12pt\">Sag und was Dich interessiert.\u00a0<\/span><\/strong><\/div>\n<div dir=\"auto\"><strong><span style=\"font-size: 12pt\">In unserem Bildungsprogramm gibt es verschiedene Themen und Vortr\u00e4ge .<\/span><\/strong><\/div>\n<div dir=\"auto\"><strong><span style=\"font-size: 12pt\">Auch f\u00fcr Dich ist was dabei. Bringe Freundinnen mit, einfach mal reinschnuppern.<\/span><\/strong><\/div>\n<div dir=\"auto\"><\/div>\n<hr \/>\n<div dir=\"auto\">\n<p>&nbsp;<\/p>\n<p>&nbsp;<\/p>\n<p><strong><span style=\"font-size: 12pt\">Unseren kompletten Bildungskatalog findest Du hier:<\/span><\/strong><\/p>\n<\/div>\n<div dir=\"auto\"><\/div>\n<div dir=\"auto\"><a href=\"https:\/\/saarlandfrauen.de\/wp-content\/uploads\/2022\/12\/Bildungsprogramm_2023.pdf\">https:\/\/saarlandfrauen.de\/wp-content\/uploads\/2022\/12\/Bildungsprogramm_2023.pdf<\/a><\/div>\n<div dir=\"auto\"><\/div>\n<div dir=\"auto\"><\/div>\n<div dir=\"auto\"><img loading=\"lazy\" decoding=\"async\" class=\"alignnone wp-image-4018 aligncenter\" src=\"https:\/\/saarlandfrauen.de\/wp-content\/uploads\/2020\/04\/frame-300x300.png\" alt=\"\" width=\"156\" height=\"156\" srcset=\"https:\/\/saarlandfrauen.de\/wp-content\/uploads\/2020\/04\/frame.png 300w, https:\/\/saarlandfrauen.de\/wp-content\/uploads\/2020\/04\/frame-150x150.png 150w\" sizes=\"(max-width: 156px) 100vw, 156px\" \/><\/div>\n<p>&nbsp;<\/p>\n<p>&nbsp;<\/p>\n<p>&nbsp;<\/p>\n<p>&nbsp;<\/p>\n<hr \/>\n<p><strong><span style=\"font-size: 12pt\">Am 27.09.22 fand bei der Mitgliederversammlung Neuwahlen des Vorstandes statt. Rosemarie Weber kandidierte nach 10 Jahren nicht mehr f\u00fcr das Amt der 1.Vorsitzenden. <\/span><\/strong><strong><span style=\"font-size: 12pt\">Den Vorsitz \u00fcbernimmt Anja Gro\u00df. Rosemarie Weber bleibt dem Verein aber weiterhin als 2. Vorsitzende erhalten. Marliese Simmet schied nach langj\u00e4hriger T\u00e4tigkeit aus dem Vorstand aus. Mit einem Blumengru\u00df bedankte sich der Ortsverein f\u00fcr ihr Engagement.<\/span><\/strong><\/p>\n<p><strong><span style=\"font-size: 12pt\">Wir w\u00fcnschen dem neuen Vorstand ein gutes H\u00e4ndchen.<\/span><\/strong><\/p>\n<p>&nbsp;<\/p>\n<p><img loading=\"lazy\" decoding=\"async\" class=\"alignnone size-medium wp-image-3895\" src=\"https:\/\/saarlandfrauen.de\/wp-content\/uploads\/2020\/04\/20220928_132407-300x201.jpg\" alt=\"\" width=\"300\" height=\"201\" \/> <img loading=\"lazy\" decoding=\"async\" class=\"alignnone size-medium wp-image-3896\" src=\"https:\/\/saarlandfrauen.de\/wp-content\/uploads\/2020\/04\/20220928_132649-300x173.jpg\" alt=\"\" width=\"300\" height=\"173\" \/><\/p>\n<p>&nbsp;<\/p>\n<hr \/>\n<p>&nbsp;<\/p>\n<p>&nbsp;<\/p>\n<hr \/>\n<p><span style=\"font-size: 14pt\"><strong>Anja Gro\u00df mit der Landesbiene ausgezeichnet.<\/strong><\/span><\/p>\n<p><strong>Bei der Landesdelegiertenkonferenz der SaarLandFrauen in Homburg am 25. Juni 2022, wurde unsere Kreisvorsitzende Anja Gro\u00df von der Landesvorsitzenden Camilla Atmer-Steitz mit der Landesbiene ausgezeichnet.<\/strong><\/p>\n<p><strong>Diese Auszeichnung erhalten Landfrauen, auf Antrag des Landes-, Kreisverbandes oder Ortsverein, nach mindestens 10 j\u00e4hriger T\u00e4tigkeit als Vorsitzende.<\/strong><\/p>\n<p><strong>Wir sagen Herzlichen Gl\u00fcckwunsch.<\/strong><\/p>\n<p><img loading=\"lazy\" decoding=\"async\" class=\"wp-image-3768 alignnone\" src=\"https:\/\/saarlandfrauen.de\/wp-content\/uploads\/2020\/04\/IMG-20220625-WA0007-209x300.jpg\" alt=\"\" width=\"246\" height=\"353\" \/><\/p>\n<p>&nbsp;<\/p>\n<p>&nbsp;<\/p>\n<hr \/>\n<p style=\"margin: 0cm\"><span style=\"font-size: 15.0pt;font-family: 'Arial',sans-serif;color: black\">Die SaarLandFrauen im Kreis Neunkirchen und die Landfrauen Hirzweiler trauern um ihre Kreisgesch\u00e4ftsf\u00fchrerin und Schriftf\u00fchrerin Irene Raber.<\/span><\/p>\n<p style=\"margin: 0cm\"><span style=\"font-size: 15.0pt;font-family: 'Arial',sans-serif;color: black\">Irene trat 1978 in den Landfrauenverein Hirzweiler ein. Schon 1980 wurde sie zur stellvertretenden Vorsitzenden gew\u00e4hlt. 1988 wurde sie zur Schriftf\u00fchrerin gew\u00e4hlt und behielt das Amt bis zu ihrem Tod.<\/span><\/p>\n<p style=\"margin: 0cm\"><span style=\"font-size: 15.0pt;font-family: 'Arial',sans-serif;color: black\">Irenes Ideen und ihr schriftliches Talent sprachen sich schnell herum und so wurde sie 1989 als Kreisgesch\u00e4ftsf\u00fchrerin in den Kreisvorstand gew\u00e4hlt. Auch dieses Amt hatte sie bis zu ihrem Tod inne.<\/span><\/p>\n<p style=\"margin: 0cm\"><span style=\"font-size: 15.0pt;font-family: 'Arial',sans-serif;color: black\">Ihr pl\u00f6tzlicher Tod hat uns sehr getroffen. Dieser Verlust rei\u00dft menschlich eine gro\u00dfe L\u00fccke in unseren Verein, denn wir haben sie als freundlichen und herzlichen Menschen kennengelernt. Ihr unerm\u00fcdlicher Einsatz und ihr Engagement werden noch lange fortwirken. Wir werden Irene in bester Erinnerung behalten.\u00a0<\/span><\/p>\n<p style=\"margin: 0cm\"><span style=\"font-size: 15.0pt;font-family: 'Arial',sans-serif;color: black\">Unsere Gedanken sind bei ihren Kindern und Angeh\u00f6rigen.<\/span><\/p>\n<p>&nbsp;<\/p>\n<p>&nbsp;<\/p>\n<p>&#8212;&#8212;&#8212;&#8212;&#8212;&#8212;&#8212;&#8212;&#8212;&#8212;&#8212;&#8212;&#8212;&#8212;&#8212;&#8212;&#8212;&#8212;&#8212;&#8212;&#8212;&#8212;&#8212;&#8212;&#8212;&#8212;&#8212;&#8212;&#8212;&#8212;&#8212;&#8212;&#8212;&#8212;&#8212;&#8212;&#8212;&#8212;&#8212;&#8212;&#8212;&#8212;&#8212;&#8212;&#8212;&#8212;&#8212;&#8212;&#8212;&#8212;&#8212;-<\/p>\n<p>&nbsp;<\/p>\n<p style=\"text-align: center\">&#8212;&#8212;&#8212;&#8212;&#8212;&#8212;&#8212;&#8212;&#8212;&#8212;&#8212;&#8212;&#8212;&#8212;&#8212;&#8212;&#8212;&#8212;&#8212;&#8212;&#8212;&#8212;&#8212;&#8212;&#8212;&#8212;&#8212;&#8212;&#8212;&#8212;&#8212;&#8212;&#8212;&#8212;&#8212;&#8212;&#8212;&#8212;&#8212;&#8212;&#8212;&#8212;&#8212;&#8212;&#8212;&#8212;&#8212;&#8212;&#8212;&#8212;&#8212;&#8212;&#8212;&#8212;<\/p>\n<p>&nbsp;<\/p>\n<p>&nbsp;<\/p>\n","protected":false},"excerpt":{"rendered":"<p>&nbsp; &nbsp; Veranstaltung K\u00e4se, Wein und Literatur ein gro\u00dfer Erfolg Die Landfrauen Hirzweiler durften in der Dorfwaldhalle einen ganz besonderen Abend erleben. Unter dem Motto \u201eK\u00e4se, Wein und Literatur\u201c kamen viele G\u00e4ste zusammen, um gemeinsam zu genie\u00dfen, zu lachen und spannenden Geschichten zu lauschen. Der fr\u00fchere saarl\u00e4ndische Umweltminister Stefan M\u00f6rsdorf nahm die Besucher mit auf [&hellip;]<\/p>\n","protected":false},"author":10,"featured_media":0,"comment_status":"closed","ping_status":"closed","sticky":false,"template":"","format":"standard","meta":{"_et_pb_use_builder":"","_et_pb_old_content":"","_et_gb_content_width":"","footnotes":""},"categories":[114],"tags":[],"class_list":["post-881","post","type-post","status-publish","format-standard","hentry","category-ov_hirzweiler_aktuelles"],"_links":{"self":[{"href":"https:\/\/saarlandfrauen.de\/index.php?rest_route=\/wp\/v2\/posts\/881","targetHints":{"allow":["GET"]}}],"collection":[{"href":"https:\/\/saarlandfrauen.de\/index.php?rest_route=\/wp\/v2\/posts"}],"about":[{"href":"https:\/\/saarlandfrauen.de\/index.php?rest_route=\/wp\/v2\/types\/post"}],"author":[{"embeddable":true,"href":"https:\/\/saarlandfrauen.de\/index.php?rest_route=\/wp\/v2\/users\/10"}],"replies":[{"embeddable":true,"href":"https:\/\/saarlandfrauen.de\/index.php?rest_route=%2Fwp%2Fv2%2Fcomments&post=881"}],"version-history":[{"count":37,"href":"https:\/\/saarlandfrauen.de\/index.php?rest_route=\/wp\/v2\/posts\/881\/revisions"}],"predecessor-version":[{"id":5788,"href":"https:\/\/saarlandfrauen.de\/index.php?rest_route=\/wp\/v2\/posts\/881\/revisions\/5788"}],"wp:attachment":[{"href":"https:\/\/saarlandfrauen.de\/index.php?rest_route=%2Fwp%2Fv2%2Fmedia&parent=881"}],"wp:term":[{"taxonomy":"category","embeddable":true,"href":"https:\/\/saarlandfrauen.de\/index.php?rest_route=%2Fwp%2Fv2%2Fcategories&post=881"},{"taxonomy":"post_tag","embeddable":true,"href":"https:\/\/saarlandfrauen.de\/index.php?rest_route=%2Fwp%2Fv2%2Ftags&post=881"}],"curies":[{"name":"wp","href":"https:\/\/api.w.org\/{rel}","templated":true}]}}